[{"@context":"https:\/\/schema.org\/","@type":"Article","@id":"https:\/\/www.moters.cz\/covid-19-kde-se-vzal\/#Article","mainEntityOfPage":"https:\/\/www.moters.cz\/covid-19-kde-se-vzal\/","headline":"Covid-19, kde se vzal?","name":"Covid-19, kde se vzal?","description":"Od t\u00e9 doby, co se v\u00a0televizn\u00edch novin\u00e1ch objevil tento incident, lid\u00e9 za\u010dali \u0161\u00ed\u0159it paniku. Po tom, co se dostal a\u017e k\u00a0n\u00e1m, do \u010cesk\u00e9 republiky, ob\u010dany &hellip; <span class=\"read-more-link\"><a class=\"read-more\" href=\"https:\/\/www.moters.cz\/covid-19-kde-se-vzal\/\">Read More &rsaquo;<\/a><\/span>","datePublished":"2020-03-11","dateModified":"2020-03-11","author":{"@type":"Person","@id":"https:\/\/www.moters.cz\/author\/#Person","name":"","url":"https:\/\/www.moters.cz\/author\/","identifier":1,"image":{"@type":"ImageObject","@id":"https:\/\/secure.gravatar.com\/avatar\/325464d7e09ffe52889ba6983accc5cdb65d0a54acd9a25cd7e409bd3eba713a?s=96&d=mm&r=g","url":"https:\/\/secure.gravatar.com\/avatar\/325464d7e09ffe52889ba6983accc5cdb65d0a54acd9a25cd7e409bd3eba713a?s=96&d=mm&r=g","height":96,"width":96}},"publisher":{"@type":"Organization","name":"moters.cz","logo":{"@type":"ImageObject","@id":"\/logo.png","url":"\/logo.png","width":600,"height":60}},"image":{"@type":"ImageObject","@id":"https:\/\/www.moters.cz\/wp-content\/uploads\/img_a372967_w4181_t1584513363.jpg","url":"https:\/\/www.moters.cz\/wp-content\/uploads\/img_a372967_w4181_t1584513363.jpg","height":0,"width":0},"url":"https:\/\/www.moters.cz\/covid-19-kde-se-vzal\/","about":["Spole\u010dnost"],"wordCount":405,"articleBody":"Od t\u00e9 doby, co se v\u00a0televizn\u00edch novin\u00e1ch objevil tento incident, lid\u00e9 za\u010dali \u0161\u00ed\u0159it paniku. Po tom, co se dostal a\u017e k\u00a0n\u00e1m, do \u010cesk\u00e9 republiky, ob\u010dany zaj\u00edm\u00e1, jak se proti n\u011bmu chr\u00e1nit. Je to vlastn\u011b \u00fapln\u011b stejn\u00e9, jako byste se cht\u011bli chr\u00e1nit proti jak\u00e9mukoliv jin\u00e9mu virov\u00e9mu onemocn\u011bn\u00ed. M\u011bli byste dodr\u017eovat hygienu, nek\u00fdchat a neka\u0161lat do ruky, ale do ruk\u00e1vu, a vyh\u00fdbat se styku s\u00a0lidmi, kte\u0159\u00ed vykazuj\u00ed n\u011bjak\u00e9 p\u0159\u00edznaky. Jak ale Coronavirus vznikl?Je tu n\u011bkolik teori\u00ed, ov\u0161em nev\u00edme, kter\u00e1 je pravdiv\u00e1.\t\tP\u0159enos je ze zv\u00ed\u0159atJeliko\u017e \u010c\u00ed\u0148an\u00e9 si r\u00e1di pochutnaj\u00ed na v\u011bcech jako jsou netop\u00fd\u0159i, je tu mo\u017enost, \u017ee nespr\u00e1vn\u011b tepeln\u011b upraven\u00fd netop\u00fdr, nebo celkov\u011b tyto \u201epochoutky\u201c a jejich hygiena s\u00a0t\u00edmto spojen\u00e1, mohla tuto chorobu zapo\u010d\u00edt.\t\tLaborato\u0159eDruhou variantou vzniku jsou pokusy v\u00a0laborato\u0159\u00edch, kter\u00e9 tento virus zkoumali. Bohu\u017eel se ale n\u011bjak\u00fdm zp\u016fsobem dostali ven (utekly my\u0161i?) a nakazili prvn\u00ed ob\u011bti.A\u0165 u\u017e to je, jak je, bude pot\u0159eba hlavn\u011b zachovat klid. Nehroutit se z\u00a0toho, \u017ee v\u00e1s to m\u016f\u017ee dostat, proto\u017ee opravdu nemus\u00ed. D\u016fle\u017eit\u00e9 ale je, abyste dodr\u017eovali na\u0159\u00edzen\u00ed vl\u00e1dy a prevenci. Pokud nemus\u00edte, nevych\u00e1zejte ven. Kdy\u017e u\u017e je to nutn\u00e9, cho\u010fte s\u00a0rou\u0161kou \u010di n\u011b\u010d\u00edm, co v\u00e1m zakryje nos a \u00fasta. Spousta lid\u00ed si te\u010f vyr\u00e1b\u00ed dom\u00e1c\u00ed rou\u0161ky, kter\u00fdmi m\u016f\u017eete pomoci i ostatn\u00edm t\u00edm, \u017ee jim je u\u0161ijete. Dal\u0161\u00edm dobr\u00fdm skutkem m\u016f\u017ee b\u00fdt n\u00e1kup pro seniory, kte\u0159\u00ed by na ulici v\u016fbec vych\u00e1zet nem\u011bli. Do obchodu si vezm\u011bte nav\u00edc i rukavice a kupujte sp\u00ed\u0161e balen\u00e9 potraviny. Nikdo ne\u0159\u00edk\u00e1, \u017ee v\u00e1s to 100% ochr\u00e1n\u00ed, ale t\u00edm, \u017ee v\u0161ichni budeme takto zodpov\u011bdn\u00ed, zabr\u00e1n\u00edme mo\u017en\u00e9mu \u0161\u00ed\u0159en\u00ed n\u00e1kazy. Pokud by v\u00e1s zaj\u00edmalo v\u00edce, pod\u00edvejte se na str\u00e1nky vl\u00e1dy.\u0160kol\u00e1ci se raduj\u00ed, ale na\u0161e kulturn\u00ed d\u011bn\u00ed mus\u00ed b\u00fdt t\u00edmto pozastaveno, doufejme, \u017ee ne na dlouho. D\u011blejte v\u0161e pro to, aby va\u0161e zdrav\u00ed bylo v\u00a0po\u0159\u00e1dku, a to a\u0165 u\u017e fyzick\u00e9, nebo psychick\u00e9.                                                                                                                                                                                                                                                                                                                                                                                        3.8\/5 - (6 votes)        "},{"@context":"https:\/\/schema.org\/","@type":"BreadcrumbList","itemListElement":[{"@type":"ListItem","position":1,"name":"Covid-19, kde se vzal?","item":"https:\/\/www.moters.cz\/covid-19-kde-se-vzal\/#breadcrumbitem"}]}]