[{"@context":"https:\/\/schema.org\/","@type":"Article","@id":"https:\/\/www.moters.cz\/cyklisticke-obleceni-do-pohody-i-nepohody\/#Article","mainEntityOfPage":"https:\/\/www.moters.cz\/cyklisticke-obleceni-do-pohody-i-nepohody\/","headline":"Cyklistick\u00e9 oble\u010den\u00ed do pohody i nepohody","name":"Cyklistick\u00e9 oble\u010den\u00ed do pohody i nepohody","description":"Venku je kr\u00e1sn\u011b, sv\u00edt\u00ed slun\u00ed\u010dko, je po r\u00e1nu, tak\u017ee je\u0161t\u011b nen\u00ed tak velk\u00e9 vedro, \u017ee by se nedalo d\u00fdchat. Ide\u00e1ln\u00ed po\u010das\u00ed na kolo, \u0159\u00edk\u00e1te si, &hellip; <span class=\"read-more-link\"><a class=\"read-more\" href=\"https:\/\/www.moters.cz\/cyklisticke-obleceni-do-pohody-i-nepohody\/\">Read More &rsaquo;<\/a><\/span>","datePublished":"2024-08-05","dateModified":"2024-08-05","author":{"@type":"Person","@id":"https:\/\/www.moters.cz\/author\/#Person","name":"","url":"https:\/\/www.moters.cz\/author\/","identifier":1,"image":{"@type":"ImageObject","@id":"https:\/\/secure.gravatar.com\/avatar\/325464d7e09ffe52889ba6983accc5cdb65d0a54acd9a25cd7e409bd3eba713a?s=96&d=mm&r=g","url":"https:\/\/secure.gravatar.com\/avatar\/325464d7e09ffe52889ba6983accc5cdb65d0a54acd9a25cd7e409bd3eba713a?s=96&d=mm&r=g","height":96,"width":96}},"publisher":{"@type":"Organization","name":"moters.cz","logo":{"@type":"ImageObject","@id":"\/logo.png","url":"\/logo.png","width":600,"height":60}},"image":{"@type":"ImageObject","@id":"https:\/\/www.moters.cz\/wp-content\/uploads\/kolo_7.jpg","url":"https:\/\/www.moters.cz\/wp-content\/uploads\/kolo_7.jpg","height":0,"width":0},"url":"https:\/\/www.moters.cz\/cyklisticke-obleceni-do-pohody-i-nepohody\/","about":["V\u00fdrobky"],"wordCount":451,"articleBody":"   Venku je kr\u00e1sn\u011b, sv\u00edt\u00ed slun\u00ed\u010dko, je po r\u00e1nu, tak\u017ee je\u0161t\u011b nen\u00ed tak velk\u00e9 vedro, \u017ee by se nedalo d\u00fdchat. Ide\u00e1ln\u00ed po\u010das\u00ed na kolo, \u0159\u00edk\u00e1te si, jenom\u017ee se na obloze objev\u00ed sem tam mal\u00fd mr\u00e1\u010dek. Z toho mra\u010dna pr\u0161et nebude, v\u017edy\u0165 to v\u0161ichni zn\u00e1me, tak\u017ee jedeme. Hupsneme na kolo a u\u017e to fr\u010d\u00ed, ale ouvej, co se to d\u011bje, trochu de\u0161t\u011b. Nic n\u00e1s nem\u016f\u017ee rozh\u00e1zet, kdy\u017e m\u00e1me funk\u010dn\u00ed a nepromokav\u00e9 oble\u010den\u00ed speci\u00e1ln\u011b na kolo. Na\u0161t\u011bst\u00ed ho m\u00e1me, proto\u017ee zn\u00e1me oble\u010den\u00ed silvini C-store.cz. Jakmile si jednou po\u0159\u00edd\u00edte kolo, a\u0165 u\u017e cyklistick\u00e9, silni\u010dn\u00ed nebo krosov\u00e9, poka\u017ed\u00e9 u\u017e budete p\u0159em\u00fd\u0161let tak\u00e9 nad oble\u010den\u00edm. Oble\u010den\u00ed na kolo je toti\u017e speci\u00e1ln\u00ed a je dobr\u00e9 si jej po\u0159\u00eddit hned z n\u011bkolika d\u016fvod\u016f. Pokud budete jezdit \u010dast\u011bji, tak je nap\u0159\u00edklad velice p\u0159\u00edjemn\u00e9, kdy\u017e sed\u00edte nejenom na sed\u00e1tku, ale tak\u00e9 na n\u011b\u010dem m\u011bk\u010d\u00edm. To vlastn\u011b zjist\u00edte i po p\u00e1r kilometrech jako za\u010d\u00e1te\u010dn\u00edk, tehdy to bol\u00edv\u00e1 nejv\u00edce a \u010dlov\u011bk na sed\u00e1tko nen\u00ed v\u016fbec zvykl\u00fd, proto je vhodn\u00e9 po\u0159\u00eddit si cyklistick\u00e9 kalhoty. Tak\u017ee na ty mysl\u00edme ze v\u0161eho nejd\u0159\u00edve. D\u00e1le je zde dres neboli \u00fabor. Prost\u011b tri\u010dko, kter\u00e9 si d\u00e1te, kdy\u017e n\u011bkam pojedete. Dresy b\u00fdvaj\u00ed vyroben\u00e9 ze speci\u00e1ln\u00edho materi\u00e1lu, kter\u00fd nepohlcuje vlhkost, tak\u017ee nejedete ve zcela promo\u010den\u00e9m tri\u010dku, to by byl p\u0159\u00edklad bavlny, proto je \u017e\u00e1douc\u00ed, po\u0159\u00eddit si rychleschnouc\u00ed materi\u00e1l, tak\u017ee dres, kter\u00fd je prost\u011b na kolo vhodn\u00fd a nepohlcuje pachy ani vlhkost. D\u00edky tomu se v\u00e1m p\u0159\u00edjemn\u011b pojede a nebudete se c\u00edtit zcela zpocen\u00ed.Pod to samoz\u0159ejm\u011b existuje i funk\u010dn\u00ed pr\u00e1dlo, kter\u00e9 m\u00edv\u00e1 stejn\u00e9 nebo podobn\u00e9 vlastnosti. A v neposledn\u00ed \u0159ad\u011b tu m\u00e1me mikiny a bundy. Vyb\u00edrat si m\u016f\u017eete z r\u016fzn\u00fdch barev a odli\u0161n\u00fdch motiv\u016f, \u010dasto se kombinuj\u00ed s kolem, aby to prost\u011b dob\u0159e vypadalo. A co se ceny t\u00fdk\u00e1, tak si sta\u010d\u00ed vybrat zna\u010dku, kter\u00e1 odpov\u00edd\u00e1 pr\u00e1v\u011b nejenom kvalitou, ale je i ve va\u0161\u00ed dostupn\u00e9 cenov\u00e9 relaci. Oble\u010den\u00ed je vhodn\u00e9 i do nepoda\u0159en\u00e9ho po\u010das\u00ed, ji\u017e zm\u00edn\u011bn\u00e9 nepohody. Nepromokav\u00e1 lehk\u00e1 bunda se p\u0159i jarn\u00edm nebo podzimn\u00edm po\u010das\u00ed jist\u011b bude hodit. Nikdy toti\u017e nev\u00edte, kdy v\u00e1s m\u016f\u017ee zastihnout p\u0159eh\u00e1\u0148ka.                                                                                                                                                                                                                                                                                                                                                                                           4.1\/5 - (7 votes)        "},{"@context":"https:\/\/schema.org\/","@type":"BreadcrumbList","itemListElement":[{"@type":"ListItem","position":1,"name":"Cyklistick\u00e9 oble\u010den\u00ed do pohody i nepohody","item":"https:\/\/www.moters.cz\/cyklisticke-obleceni-do-pohody-i-nepohody\/#breadcrumbitem"}]}]