{"@context":"https:\/\/schema.org\/","@type":"CollectionPage","@id":"https:\/\/www.moters.cz\/dovolena\/#CollectionPage","headline":"Dovolen\u00e1 Category","description":"","url":"https:\/\/www.moters.cz\/dovolena\/","hasPart":[{"@type":"Article","@id":"https:\/\/www.moters.cz\/jak-nejlepe-vybrat-destinaci-na-dovolenou\/","headline":"Jak nejl\u00e9pe vybrat destinaci na dovolenou","url":"https:\/\/www.moters.cz\/jak-nejlepe-vybrat-destinaci-na-dovolenou\/","datePublished":"2023-12-31","dateModified":"2023-12-31","mainEntityOfPage":"https:\/\/www.moters.cz\/jak-nejlepe-vybrat-destinaci-na-dovolenou\/","author":{"@type":"Person","@id":"https:\/\/www.moters.cz\/author\/#Person","name":"","url":"https:\/\/www.moters.cz\/author\/","identifier":1,"image":{"@type":"ImageObject","@id":"https:\/\/secure.gravatar.com\/avatar\/325464d7e09ffe52889ba6983accc5cdb65d0a54acd9a25cd7e409bd3eba713a?s=96&d=mm&r=g","url":"https:\/\/secure.gravatar.com\/avatar\/325464d7e09ffe52889ba6983accc5cdb65d0a54acd9a25cd7e409bd3eba713a?s=96&d=mm&r=g","height":96,"width":96}},"publisher":{"@type":"Organization","name":"moters.cz","logo":{"@type":"ImageObject","@id":"\/logo.png","url":"\/logo.png","width":600,"height":60}},"image":{"@type":"ImageObject","@id":"https:\/\/www.moters.cz\/wp-content\/uploads\/duha2_2.jpg","url":"https:\/\/www.moters.cz\/wp-content\/uploads\/duha2_2.jpg","height":0,"width":0},"keywords":null},{"@type":"Article","@id":"https:\/\/www.moters.cz\/jaka-dovolena-nam-chybi\/","headline":"Jak\u00e1 dovolen\u00e1 n\u00e1m chyb\u00ed?","url":"https:\/\/www.moters.cz\/jaka-dovolena-nam-chybi\/","datePublished":"2023-11-08","dateModified":"2023-11-08","mainEntityOfPage":"https:\/\/www.moters.cz\/jaka-dovolena-nam-chybi\/","author":{"@type":"Person","@id":"https:\/\/www.moters.cz\/author\/#Person","name":"","url":"https:\/\/www.moters.cz\/author\/","identifier":1,"image":{"@type":"ImageObject","@id":"https:\/\/secure.gravatar.com\/avatar\/325464d7e09ffe52889ba6983accc5cdb65d0a54acd9a25cd7e409bd3eba713a?s=96&d=mm&r=g","url":"https:\/\/secure.gravatar.com\/avatar\/325464d7e09ffe52889ba6983accc5cdb65d0a54acd9a25cd7e409bd3eba713a?s=96&d=mm&r=g","height":96,"width":96}},"publisher":{"@type":"Organization","name":"moters.cz","logo":{"@type":"ImageObject","@id":"\/logo.png","url":"\/logo.png","width":600,"height":60}},"image":{"@type":"ImageObject","@id":"https:\/\/www.moters.cz\/wp-content\/uploads\/%C4%8D_4.jpg","url":"https:\/\/www.moters.cz\/wp-content\/uploads\/%C4%8D_4.jpg","height":0,"width":0},"keywords":null},{"@type":"Article","@id":"https:\/\/www.moters.cz\/jak-si-zaridit-levnou-dovolenou\/","headline":"Jak si za\u0159\u00eddit levnou dovolenou","url":"https:\/\/www.moters.cz\/jak-si-zaridit-levnou-dovolenou\/","datePublished":"2023-10-29","dateModified":"2023-10-29","mainEntityOfPage":"https:\/\/www.moters.cz\/jak-si-zaridit-levnou-dovolenou\/","author":{"@type":"Person","@id":"https:\/\/www.moters.cz\/author\/#Person","name":"","url":"https:\/\/www.moters.cz\/author\/","identifier":1,"image":{"@type":"ImageObject","@id":"https:\/\/secure.gravatar.com\/avatar\/325464d7e09ffe52889ba6983accc5cdb65d0a54acd9a25cd7e409bd3eba713a?s=96&d=mm&r=g","url":"https:\/\/secure.gravatar.com\/avatar\/325464d7e09ffe52889ba6983accc5cdb65d0a54acd9a25cd7e409bd3eba713a?s=96&d=mm&r=g","height":96,"width":96}},"publisher":{"@type":"Organization","name":"moters.cz","logo":{"@type":"ImageObject","@id":"\/logo.png","url":"\/logo.png","width":600,"height":60}},"image":{"@type":"ImageObject","@id":"https:\/\/www.moters.cz\/wp-content\/uploads\/cestovani1_9.jpg","url":"https:\/\/www.moters.cz\/wp-content\/uploads\/cestovani1_9.jpg","height":0,"width":0},"keywords":null},{"@type":"Article","@id":"https:\/\/www.moters.cz\/bud-stres-zlikviduje-vas-nebo-vy-jeho\/","headline":"Bu\u010f stres zlikviduje v\u00e1s, nebo vy jeho","url":"https:\/\/www.moters.cz\/bud-stres-zlikviduje-vas-nebo-vy-jeho\/","datePublished":"2023-07-08","dateModified":"2023-07-08","mainEntityOfPage":"https:\/\/www.moters.cz\/bud-stres-zlikviduje-vas-nebo-vy-jeho\/","author":{"@type":"Person","@id":"https:\/\/www.moters.cz\/author\/#Person","name":"","url":"https:\/\/www.moters.cz\/author\/","identifier":1,"image":{"@type":"ImageObject","@id":"https:\/\/secure.gravatar.com\/avatar\/325464d7e09ffe52889ba6983accc5cdb65d0a54acd9a25cd7e409bd3eba713a?s=96&d=mm&r=g","url":"https:\/\/secure.gravatar.com\/avatar\/325464d7e09ffe52889ba6983accc5cdb65d0a54acd9a25cd7e409bd3eba713a?s=96&d=mm&r=g","height":96,"width":96}},"publisher":{"@type":"Organization","name":"moters.cz","logo":{"@type":"ImageObject","@id":"\/logo.png","url":"\/logo.png","width":600,"height":60}},"image":{"@type":"ImageObject","@id":"https:\/\/www.moters.cz\/wp-content\/uploads\/b_10_3.jpg","url":"https:\/\/www.moters.cz\/wp-content\/uploads\/b_10_3.jpg","height":0,"width":0},"keywords":null},{"@type":"Article","@id":"https:\/\/www.moters.cz\/komunikace-se-zakaznikem\/","headline":"Komunikace se z\u00e1kazn\u00edkem","url":"https:\/\/www.moters.cz\/komunikace-se-zakaznikem\/","datePublished":"2021-03-16","dateModified":"2021-03-16","mainEntityOfPage":"https:\/\/www.moters.cz\/komunikace-se-zakaznikem\/","author":{"@type":"Person","@id":"https:\/\/www.moters.cz\/author\/#Person","name":"","url":"https:\/\/www.moters.cz\/author\/","identifier":1,"image":{"@type":"ImageObject","@id":"https:\/\/secure.gravatar.com\/avatar\/325464d7e09ffe52889ba6983accc5cdb65d0a54acd9a25cd7e409bd3eba713a?s=96&d=mm&r=g","url":"https:\/\/secure.gravatar.com\/avatar\/325464d7e09ffe52889ba6983accc5cdb65d0a54acd9a25cd7e409bd3eba713a?s=96&d=mm&r=g","height":96,"width":96}},"publisher":{"@type":"Organization","name":"moters.cz","logo":{"@type":"ImageObject","@id":"\/logo.png","url":"\/logo.png","width":600,"height":60}},"image":{"@type":"ImageObject","@id":"https:\/\/www.moters.cz\/wp-content\/uploads\/star%C3%BD%20telefon.jpg","url":"https:\/\/www.moters.cz\/wp-content\/uploads\/star%C3%BD%20telefon.jpg","height":0,"width":0},"keywords":null},{"@type":"Article","@id":"https:\/\/www.moters.cz\/zahrada-jako-raj-pro-deti\/","headline":"Zahrada jako r\u00e1j pro d\u011bti","url":"https:\/\/www.moters.cz\/zahrada-jako-raj-pro-deti\/","datePublished":"2020-02-13","dateModified":"2020-02-13","mainEntityOfPage":"https:\/\/www.moters.cz\/zahrada-jako-raj-pro-deti\/","author":{"@type":"Person","@id":"https:\/\/www.moters.cz\/author\/#Person","name":"","url":"https:\/\/www.moters.cz\/author\/","identifier":1,"image":{"@type":"ImageObject","@id":"https:\/\/secure.gravatar.com\/avatar\/325464d7e09ffe52889ba6983accc5cdb65d0a54acd9a25cd7e409bd3eba713a?s=96&d=mm&r=g","url":"https:\/\/secure.gravatar.com\/avatar\/325464d7e09ffe52889ba6983accc5cdb65d0a54acd9a25cd7e409bd3eba713a?s=96&d=mm&r=g","height":96,"width":96}},"publisher":{"@type":"Organization","name":"moters.cz","logo":{"@type":"ImageObject","@id":"\/logo.png","url":"\/logo.png","width":600,"height":60}},"image":{"@type":"ImageObject","@id":"https:\/\/www.moters.cz\/wp-content\/uploads\/img_a375364_w2106_t1587033950.jpg","url":"https:\/\/www.moters.cz\/wp-content\/uploads\/img_a375364_w2106_t1587033950.jpg","height":0,"width":0},"keywords":null},{"@type":"Article","@id":"https:\/\/www.moters.cz\/kdyz-je-novy-telefon\/","headline":"Kdy\u017e je nov\u00fd telefon","url":"https:\/\/www.moters.cz\/kdyz-je-novy-telefon\/","datePublished":"2019-04-16","dateModified":"2019-04-16","mainEntityOfPage":"https:\/\/www.moters.cz\/kdyz-je-novy-telefon\/","author":{"@type":"Person","@id":"https:\/\/www.moters.cz\/author\/#Person","name":"","url":"https:\/\/www.moters.cz\/author\/","identifier":1,"image":{"@type":"ImageObject","@id":"https:\/\/secure.gravatar.com\/avatar\/325464d7e09ffe52889ba6983accc5cdb65d0a54acd9a25cd7e409bd3eba713a?s=96&d=mm&r=g","url":"https:\/\/secure.gravatar.com\/avatar\/325464d7e09ffe52889ba6983accc5cdb65d0a54acd9a25cd7e409bd3eba713a?s=96&d=mm&r=g","height":96,"width":96}},"publisher":{"@type":"Organization","name":"moters.cz","logo":{"@type":"ImageObject","@id":"\/logo.png","url":"\/logo.png","width":600,"height":60}},"image":{"@type":"ImageObject","@id":"https:\/\/www.moters.cz\/wp-content\/uploads\/img_a345539_w1708_t1559203602.jpg","url":"https:\/\/www.moters.cz\/wp-content\/uploads\/img_a345539_w1708_t1559203602.jpg","height":0,"width":0},"keywords":null}]}