[{"@context":"https:\/\/schema.org\/","@type":"Article","@id":"https:\/\/www.moters.cz\/i-vaseho-kojence-muzete-zacit-oblekat-do-znackoveho-obleceni\/#Article","mainEntityOfPage":"https:\/\/www.moters.cz\/i-vaseho-kojence-muzete-zacit-oblekat-do-znackoveho-obleceni\/","headline":"I va\u0161eho kojence m\u016f\u017eete za\u010d\u00edt obl\u00e9kat do zna\u010dkov\u00e9ho oble\u010den\u00ed","name":"I va\u0161eho kojence m\u016f\u017eete za\u010d\u00edt obl\u00e9kat do zna\u010dkov\u00e9ho oble\u010den\u00ed","description":"V dne\u0161n\u00ed dob\u011b je na trhu nep\u0159ebern\u00e9 mno\u017estv\u00ed oble\u010den\u00ed pro ty nejmen\u0161\u00ed, a je t\u011b\u017ek\u00e9 si vybrat. Pokud chcete m\u00edt n\u011bjak\u00e9 extra kojeneck\u00e9 oble\u010den\u00ed, ale &hellip; <span class=\"read-more-link\"><a class=\"read-more\" href=\"https:\/\/www.moters.cz\/i-vaseho-kojence-muzete-zacit-oblekat-do-znackoveho-obleceni\/\">Read More &rsaquo;<\/a><\/span>","datePublished":"2025-02-11","dateModified":"2025-02-11","author":{"@type":"Person","@id":"https:\/\/www.moters.cz\/author\/#Person","name":"","url":"https:\/\/www.moters.cz\/author\/","identifier":1,"image":{"@type":"ImageObject","@id":"https:\/\/secure.gravatar.com\/avatar\/325464d7e09ffe52889ba6983accc5cdb65d0a54acd9a25cd7e409bd3eba713a?s=96&d=mm&r=g","url":"https:\/\/secure.gravatar.com\/avatar\/325464d7e09ffe52889ba6983accc5cdb65d0a54acd9a25cd7e409bd3eba713a?s=96&d=mm&r=g","height":96,"width":96}},"publisher":{"@type":"Organization","name":"moters.cz","logo":{"@type":"ImageObject","@id":"\/logo.png","url":"\/logo.png","width":600,"height":60}},"url":"https:\/\/www.moters.cz\/i-vaseho-kojence-muzete-zacit-oblekat-do-znackoveho-obleceni\/","wordCount":189,"articleBody":"V dne\u0161n\u00ed dob\u011b je na trhu nep\u0159ebern\u00e9 mno\u017estv\u00ed oble\u010den\u00ed pro ty nejmen\u0161\u00ed, a je t\u011b\u017ek\u00e9 si vybrat. Pokud chcete m\u00edt n\u011bjak\u00e9 extra kojeneck\u00e9 oble\u010den\u00ed, ale nechcete investovat do takov\u00e9ho oble\u010den\u00ed, ze kter\u00e9ho v\u00e1m va\u0161e mal\u00e9 rychle vyroste, nakupujte u n\u00e1s. Na\u0161e kojeneck\u00e9 oble\u010den\u00ed v\u00e1m m\u016f\u017ee nab\u00eddnout nejen skv\u011blou kvalitu pro va\u0161e d\u00edt\u011b, ale i z\u00e1bavnost, a to d\u00edky potisk\u016fm, kter\u00e9 na\u0161e oble\u010den\u00ed m\u00e1. Va\u0161e mal\u00e9 d\u00edtko bude d\u00edky n\u011bmu vtipn\u00e9 pro to, co bude m\u00edt nakreslen\u00e9 na tri\u010dku, a pobav\u00ed mnoho va\u0161ich p\u0159\u00e1tel.  Skv\u011bl\u00e9, a p\u0159ece levn\u00e9 U n\u00e1s m\u00e1te jistotu, \u017ee ka\u017ed\u00fd kus oble\u010den\u00ed, kter\u00e9 si vyberete, bude kvalitn\u00ed, a nebude zp\u016fsobovat \u017e\u00e1dn\u00e9 probl\u00e9my, ba naopak, mysl\u00edme si, \u017ee na\u0161e kojeneck\u00e9 oble\u010den\u00ed se v\u00e1m osv\u011bd\u010d\u00ed a vy budete u n\u00e1s nakupovat i opakovan\u011b, proto\u017ee d\u011bti rychle rostou, a oble\u010den\u00ed pro n\u011b nen\u00ed nikdy dost.                                                                                                                                                                                                                                                                                                                                                                                        3\/5 - (1 vote)        "},{"@context":"https:\/\/schema.org\/","@type":"BreadcrumbList","itemListElement":[{"@type":"ListItem","position":1,"name":"I va\u0161eho kojence m\u016f\u017eete za\u010d\u00edt obl\u00e9kat do zna\u010dkov\u00e9ho oble\u010den\u00ed","item":"https:\/\/www.moters.cz\/i-vaseho-kojence-muzete-zacit-oblekat-do-znackoveho-obleceni\/#breadcrumbitem"}]}]