[{"@context":"https:\/\/schema.org\/","@type":"Article","@id":"https:\/\/www.moters.cz\/neni-nad-dobre-politiky\/#Article","mainEntityOfPage":"https:\/\/www.moters.cz\/neni-nad-dobre-politiky\/","headline":"Nen\u00ed nad dobr\u00e9 politiky","name":"Nen\u00ed nad dobr\u00e9 politiky","description":"Kdy\u017e se na po\u010d\u00edn\u00e1n\u00ed politik\u016f d\u00edv\u00e1me, v\u017edycky najdeme hodn\u011b toho, co se n\u00e1m nel\u00edb\u00ed. A tak se tito u\u017e d\u00e1vno stali vd\u011b\u010dn\u00fdm t\u00e9matem k\u00a0rozhovor\u016fm a &hellip; <span class=\"read-more-link\"><a class=\"read-more\" href=\"https:\/\/www.moters.cz\/neni-nad-dobre-politiky\/\">Read More &rsaquo;<\/a><\/span>","datePublished":"2023-10-03","dateModified":"2024-06-04","author":{"@type":"Person","@id":"https:\/\/www.moters.cz\/author\/#Person","name":"","url":"https:\/\/www.moters.cz\/author\/","identifier":1,"image":{"@type":"ImageObject","@id":"https:\/\/secure.gravatar.com\/avatar\/325464d7e09ffe52889ba6983accc5cdb65d0a54acd9a25cd7e409bd3eba713a?s=96&d=mm&r=g","url":"https:\/\/secure.gravatar.com\/avatar\/325464d7e09ffe52889ba6983accc5cdb65d0a54acd9a25cd7e409bd3eba713a?s=96&d=mm&r=g","height":96,"width":96}},"publisher":{"@type":"Organization","name":"moters.cz","logo":{"@type":"ImageObject","@id":"\/logo.png","url":"\/logo.png","width":600,"height":60}},"image":{"@type":"ImageObject","@id":"https:\/\/www.moters.cz\/wp-content\/uploads\/ppp_10_3.jpg","url":"https:\/\/www.moters.cz\/wp-content\/uploads\/ppp_10_3.jpg","height":0,"width":0},"url":"https:\/\/www.moters.cz\/neni-nad-dobre-politiky\/","about":["Politika"],"wordCount":456,"articleBody":"Kdy\u017e se na po\u010d\u00edn\u00e1n\u00ed politik\u016f d\u00edv\u00e1me, v\u017edycky najdeme hodn\u011b toho, co se n\u00e1m nel\u00edb\u00ed. A tak se tito u\u017e d\u00e1vno stali vd\u011b\u010dn\u00fdm t\u00e9matem k\u00a0rozhovor\u016fm a objektem, do kter\u00e9ho se m\u016f\u017ee z\u00a0n\u011bjak\u00e9ho d\u016fvodu nav\u00e1\u017eet snad kdokoliv z\u00a0n\u00e1s. A\u0165 politici u\u010din\u00ed cokoliv, je n\u011bkdo, komu t\u00edm znep\u0159\u00edjemn\u00ed \u017eivot nebo komu se to aspo\u0148 nezamlouv\u00e1. To je jist\u00e9, na rozd\u00edl od toho, zda je n\u011bkdo t\u00fdmi\u017e rozhodnut\u00edmi politik\u016f i uspokojen.Inu, nen\u00ed na sv\u011bt\u011b \u010dlov\u011bka, kter\u00fd by dok\u00e1zal splnit p\u0159\u00e1n\u00ed v\u0161ech. A proto\u017ee u\u017e je d\u00e1vno pry\u010d doba, kdy m\u011bli politici dobr\u00fd zvuk, proto\u017ee se za n\u011b volili ti, kdo aspo\u0148 navenek p\u016fsobili dojmem t\u011bch nejlep\u0161\u00edch z\u00a0nejlep\u0161\u00edch, zazn\u00edv\u00e1 kritika odev\u0161ad. Od kohokoliv, komu tito vl\u00e1dnou.A p\u0159iznejme si, \u017ee je takov\u00e1 kritika obvykle opodstatn\u011bn\u00e1. N\u011bkter\u00fdm oby\u010dejn\u00fdm lidem se ne\u017eilo a ne\u017eije pr\u00e1v\u011b nejl\u00e9pe, tito nem\u011bli a nemaj\u00ed nijak skv\u011blou \u017eivotn\u00ed \u00farove\u0148. A proto\u017ee jsou politici t\u011bmi, kdo \u0159\u00edd\u00ed st\u00e1t, maj\u00ed takov\u00ed lid\u00e9 n\u00e1zor, \u017ee se o n\u011b mus\u00ed ti naho\u0159e postarat. A vy\u017eaduj\u00ed to, a\u0165 u\u017e pr\u00e1vem nebo sp\u00ed\u0161e ne. Jin\u00ed lid\u00e9 ale naopak vid\u00ed, jak zeje st\u00e1tn\u00ed kasa pr\u00e1zdnotou, a cht\u011bj\u00ed, aby politici dob\u0159e hospoda\u0159ili, tedy aby p\u0159estali se zbyte\u010dn\u00fdmi v\u00fddaji. A pak se jim zase nel\u00edb\u00ed, jak ti naho\u0159e p\u0159\u00edli\u0161 podporuj\u00ed ty, kdo se sami neu\u017eiv\u00ed, by\u0165 by mohli.N\u011bkomu se nel\u00edb\u00ed, \u017ee politici od\u00edraj\u00ed pl\u00e1tce dan\u00ed, zat\u00edmco jin\u00ed by cht\u011bli skoncovat s\u00a0drahotou nebo domn\u011blou drahotou t\u0159eba t\u00edm, \u017ee se v\u00edce zdan\u00ed ti bohat\u00ed, aby se jejich jm\u011bn\u00ed p\u0159erozd\u011blilo chud\u00fdm. N\u011bkdo by cht\u011bl v\u011bt\u0161\u00ed podnikatelskou svobodu, kterou by m\u011bli vl\u00e1dnouc\u00ed politici garantovat, zat\u00edmco jin\u00fd by cht\u011bl st\u00e1tn\u00ed z\u00e1sahy do ekonomiky, kter\u00fdmi by se tato stala p\u0159\u00edv\u011btiv\u011bj\u0161\u00ed pro nepodnikaj\u00edc\u00ed lidi. A podobn\u00fdch rozd\u00edl\u016f v\u00a0n\u00e1zorech n\u00e1s lid\u00ed je dost a dost. A tak se politici nikdy nezavd\u011b\u010d\u00ed v\u0161em.A je \u0161koda, \u017ee my lid\u00e9 \u010dasto nejsme soudn\u00ed. Kdy\u017e je v\u00e1\u017en\u011b zle, zvol\u00edme si n\u011bkoho lep\u0161\u00edho, ale jakmile zjist\u00edme, \u017ee tento ned\u011bl\u00e1 to, co by se n\u00e1m l\u00edbilo, vrac\u00edme se k\u00a0populist\u016fm. Kte\u0159\u00ed hezky slibuj\u00ed, ale dopadne to pod jejich veden\u00edm \u0161patn\u011b.                                                                                                                                                                                                                                                                                                                                                                                        3.9\/5 - (11 votes)        "},{"@context":"https:\/\/schema.org\/","@type":"BreadcrumbList","itemListElement":[{"@type":"ListItem","position":1,"name":"Nen\u00ed nad dobr\u00e9 politiky","item":"https:\/\/www.moters.cz\/neni-nad-dobre-politiky\/#breadcrumbitem"}]}]