[{"@context":"https:\/\/schema.org\/","@type":"Article","@id":"https:\/\/www.moters.cz\/sedave-zamestnani-a-problemy-s-pateri\/#Article","mainEntityOfPage":"https:\/\/www.moters.cz\/sedave-zamestnani-a-problemy-s-pateri\/","headline":"Sedav\u00e9 zam\u011bstn\u00e1n\u00ed a probl\u00e9my s p\u00e1te\u0159\u00ed","name":"Sedav\u00e9 zam\u011bstn\u00e1n\u00ed a probl\u00e9my s p\u00e1te\u0159\u00ed","description":"Sedav\u00e9mu zam\u011bstn\u00e1n\u00ed se bohu\u017eel probl\u00e9my s p\u00e1te\u0159\u00ed, a\u0165 u\u017e bedern\u00ed \u010di kr\u010dn\u00ed t\u00e9m\u011b\u0159 nikomu nevyhnou a po \u010dase za\u010dnete nav\u0161t\u011bvovat fyzioterapeuta s bolestmi zad. Tyto &hellip; <span class=\"read-more-link\"><a class=\"read-more\" href=\"https:\/\/www.moters.cz\/sedave-zamestnani-a-problemy-s-pateri\/\">Read More &rsaquo;<\/a><\/span>","datePublished":"2024-11-28","dateModified":"2024-11-28","author":{"@type":"Person","@id":"https:\/\/www.moters.cz\/author\/#Person","name":"","url":"https:\/\/www.moters.cz\/author\/","identifier":1,"image":{"@type":"ImageObject","@id":"https:\/\/secure.gravatar.com\/avatar\/325464d7e09ffe52889ba6983accc5cdb65d0a54acd9a25cd7e409bd3eba713a?s=96&d=mm&r=g","url":"https:\/\/secure.gravatar.com\/avatar\/325464d7e09ffe52889ba6983accc5cdb65d0a54acd9a25cd7e409bd3eba713a?s=96&d=mm&r=g","height":96,"width":96}},"publisher":{"@type":"Organization","name":"moters.cz","logo":{"@type":"ImageObject","@id":"\/logo.png","url":"\/logo.png","width":600,"height":60}},"url":"https:\/\/www.moters.cz\/sedave-zamestnani-a-problemy-s-pateri\/","wordCount":184,"articleBody":"Sedav\u00e9mu zam\u011bstn\u00e1n\u00ed se bohu\u017eel probl\u00e9my s p\u00e1te\u0159\u00ed, a\u0165 u\u017e bedern\u00ed \u010di kr\u010dn\u00ed t\u00e9m\u011b\u0159 nikomu nevyhnou a po \u010dase za\u010dnete nav\u0161t\u011bvovat fyzioterapeuta s bolestmi zad. Tyto pot\u00ed\u017ee se \u0159ad\u00ed v posledn\u00edch letech mezi ty nej\u010dast\u011bj\u0161\u00ed, kter\u00e9 lidi tr\u00e1p\u00ed a nevyh\u00fdbaj\u00ed se ani mlad\u00fdm lidem. Proto je vhodn\u00e9 jim p\u0159edch\u00e1zet, anebo je za\u010d\u00edt \u0159e\u0161it v\u010das, dokud je \u0159e\u0161en\u00ed snadn\u00e9. N\u00e1\u0161 dynamicko-sm\u011brov\u00fd pol\u0161t\u00e1\u0159 je jedn\u00edm z t\u011bchto \u0159e\u0161en\u00ed. M\u016f\u017eete se o jeho \u00fa\u010dinc\u00edch sami p\u0159esv\u011bd\u010dit a z\u00e1rove\u0148 si p\u0159e\u010d\u00edst recenze lid\u00ed, kte\u0159\u00ed ho ji\u017e vyzkou\u0161eli. M\u00e1me certifik\u00e1t na sezen\u00ed Na\u0161e pom\u016fcky, jsou nejen prov\u011b\u0159eny sv\u00fdmi u\u017eivateli i nez\u00e1visl\u00fdmi lidmi, kte\u0159\u00ed jej m\u011bli mo\u017enost otestovat v na\u0161em pr\u016fzkumu, ale m\u00e1me na n\u011b i certifikaci a \u0159ad\u00ed se mezi rehabilita\u010dn\u00ed pom\u016fcky. Jejich blahod\u00e1rn\u00e9 \u00fa\u010dinky doporu\u010duj\u00ed i odborn\u00edci z \u0159ad fyzioterapeut\u016f.                                                                                                                                                                                                                                                                                                                                                                                        4.7\/5 - (4 votes)        "},{"@context":"https:\/\/schema.org\/","@type":"BreadcrumbList","itemListElement":[{"@type":"ListItem","position":1,"name":"Sedav\u00e9 zam\u011bstn\u00e1n\u00ed a probl\u00e9my s p\u00e1te\u0159\u00ed","item":"https:\/\/www.moters.cz\/sedave-zamestnani-a-problemy-s-pateri\/#breadcrumbitem"}]}]