[{"@context":"https:\/\/schema.org\/","@type":"Article","@id":"https:\/\/www.moters.cz\/sidlo-firmy-usite-vam-na-miru\/#Article","mainEntityOfPage":"https:\/\/www.moters.cz\/sidlo-firmy-usite-vam-na-miru\/","headline":"S\u00eddlo firmy u\u0161it\u00e9 V\u00e1m na m\u00edru","name":"S\u00eddlo firmy u\u0161it\u00e9 V\u00e1m na m\u00edru","description":"Je to, \u017ee nem\u016f\u017eete naj\u00edt vhodn\u00e9 s\u00eddlo firmy posledn\u00ed v\u011bc\u00ed, kter\u00e1 v\u00e1m br\u00e1n\u00ed v tom za\u010d\u00edt podnikat? Pr\u00e1v\u011b tento probl\u00e9m \u0159e\u0161\u00ed slu\u017eby od spole\u010dnosti Kancel\u00e1\u0159sk\u00e9 &hellip; <span class=\"read-more-link\"><a class=\"read-more\" href=\"https:\/\/www.moters.cz\/sidlo-firmy-usite-vam-na-miru\/\">Read More &rsaquo;<\/a><\/span>","datePublished":"2025-03-13","dateModified":"2025-03-13","author":{"@type":"Person","@id":"https:\/\/www.moters.cz\/author\/#Person","name":"","url":"https:\/\/www.moters.cz\/author\/","identifier":1,"image":{"@type":"ImageObject","@id":"https:\/\/secure.gravatar.com\/avatar\/325464d7e09ffe52889ba6983accc5cdb65d0a54acd9a25cd7e409bd3eba713a?s=96&d=mm&r=g","url":"https:\/\/secure.gravatar.com\/avatar\/325464d7e09ffe52889ba6983accc5cdb65d0a54acd9a25cd7e409bd3eba713a?s=96&d=mm&r=g","height":96,"width":96}},"publisher":{"@type":"Organization","name":"moters.cz","logo":{"@type":"ImageObject","@id":"\/logo.png","url":"\/logo.png","width":600,"height":60}},"url":"https:\/\/www.moters.cz\/sidlo-firmy-usite-vam-na-miru\/","wordCount":189,"articleBody":"Je to, \u017ee nem\u016f\u017eete naj\u00edt vhodn\u00e9 s\u00eddlo firmy posledn\u00ed v\u011bc\u00ed, kter\u00e1 v\u00e1m br\u00e1n\u00ed v tom za\u010d\u00edt podnikat? Pr\u00e1v\u011b tento probl\u00e9m \u0159e\u0161\u00ed slu\u017eby od spole\u010dnosti Kancel\u00e1\u0159sk\u00e9 centrum Praha, kter\u00e1 d\u00e1v\u00e1 sv\u00fdm z\u00e1kazn\u00edk\u016fm ty nejlep\u0161\u00ed slu\u017eby. D\u00edky tomu se na n\u00e1s m\u016f\u017eete v\u017edy spolehnout a d\u016fv\u011b\u0159ovat n\u00e1m.Nab\u00edz\u00edme sv\u00fdm z\u00e1kazn\u00edk\u016fm to, \u017ee jim zajist\u00edme s\u00eddlo firmy v Praze. D\u00edky tomu to budete m\u00edt bl\u00edzko ke v\u0161em d\u016fle\u017eit\u00fdm instituc\u00edm a \u00fa\u0159ad\u016fm. T\u00edm u\u0161et\u0159\u00edte mnoho \u010dasu a budete se moci v\u00edce v\u011bnovat va\u0161emu businessu. P\u0159ij\u010fte k n\u00e1m a sami se p\u0159esv\u011bd\u010dte o na\u0161ich kvalit\u00e1ch. Budete spokojen\u00ed, to garantujeme.Dlouh\u00e9 zku\u0161enostiNa\u0161e firma si v tomto oboru z\u00edskala velmi velk\u00e9 zku\u0161enosti. D\u00edky tomu p\u0159esn\u011b v\u00edme, jak d\u00e1t z\u00e1kazn\u00edk\u016fm to nejlep\u0161\u00ed mo\u017en\u00e9 s\u00eddlo firmy.                                                                                                                                                                                                                                                                                                                                                                                        5\/5 - (1 vote)        "},{"@context":"https:\/\/schema.org\/","@type":"BreadcrumbList","itemListElement":[{"@type":"ListItem","position":1,"name":"S\u00eddlo firmy u\u0161it\u00e9 V\u00e1m na m\u00edru","item":"https:\/\/www.moters.cz\/sidlo-firmy-usite-vam-na-miru\/#breadcrumbitem"}]}]