[{"@context":"https:\/\/schema.org\/","@type":"Article","@id":"https:\/\/www.moters.cz\/virtualni-sidlo-v-praze-1-je-to-prave\/#Article","mainEntityOfPage":"https:\/\/www.moters.cz\/virtualni-sidlo-v-praze-1-je-to-prave\/","headline":"Virtu\u00e1ln\u00ed s\u00eddlo v Praze 1 je to prav\u00e9","name":"Virtu\u00e1ln\u00ed s\u00eddlo v Praze 1 je to prav\u00e9","description":"M\u00edt virtu\u00e1ln\u00ed s\u00eddlo v Praze 1 by pro v\u00e1s mohlo b\u00fdt zaj\u00edmavou v\u00fdzvou z n\u011bkolika d\u016fvod\u016f. P\u0159edstavte si, \u017ee pr\u00e1v\u011b vy\u010dk\u00e1v\u00e1te na p\u0159\u00edlet letadla, na &hellip; <span class=\"read-more-link\"><a class=\"read-more\" href=\"https:\/\/www.moters.cz\/virtualni-sidlo-v-praze-1-je-to-prave\/\">Read More &rsaquo;<\/a><\/span>","datePublished":"2024-09-14","dateModified":"2024-09-14","author":{"@type":"Person","@id":"https:\/\/www.moters.cz\/author\/#Person","name":"","url":"https:\/\/www.moters.cz\/author\/","identifier":1,"image":{"@type":"ImageObject","@id":"https:\/\/secure.gravatar.com\/avatar\/325464d7e09ffe52889ba6983accc5cdb65d0a54acd9a25cd7e409bd3eba713a?s=96&d=mm&r=g","url":"https:\/\/secure.gravatar.com\/avatar\/325464d7e09ffe52889ba6983accc5cdb65d0a54acd9a25cd7e409bd3eba713a?s=96&d=mm&r=g","height":96,"width":96}},"publisher":{"@type":"Organization","name":"moters.cz","logo":{"@type":"ImageObject","@id":"\/logo.png","url":"\/logo.png","width":600,"height":60}},"image":{"@type":"ImageObject","@id":"https:\/\/www.moters.cz\/wp-content\/uploads\/prague-2498949_640.jpg","url":"https:\/\/www.moters.cz\/wp-content\/uploads\/prague-2498949_640.jpg","height":0,"width":0},"url":"https:\/\/www.moters.cz\/virtualni-sidlo-v-praze-1-je-to-prave\/","about":["Slu\u017eby"],"wordCount":413,"articleBody":"   M\u00edt virtu\u00e1ln\u00ed s\u00eddlo v Praze 1 by pro v\u00e1s mohlo b\u00fdt zaj\u00edmavou v\u00fdzvou z n\u011bkolika d\u016fvod\u016f. P\u0159edstavte si, \u017ee pr\u00e1v\u011b vy\u010dk\u00e1v\u00e1te na p\u0159\u00edlet letadla, na jeho\u017e palub\u011b se nach\u00e1z\u00ed va\u0161i obchodn\u00ed partne\u0159i. Nikdy v Praze nebyli a tak o\u010dek\u00e1vaj\u00ed, \u017ee jim budete dobr\u00fdm pr\u016fvodcem, a\u017e ukon\u010d\u00edte va\u0161e obchodn\u00ed jedn\u00e1n\u00ed. Jakmile letadlo dosedne na plochu a vz\u00e1p\u011bt\u00ed se s va\u0161imi p\u0159\u00e1teli setk\u00e1te, nasednete do tax\u00edku a ten v\u00e1s doprav\u00ed do centra Prahy. Budete tu m\u00edt k dispozici zasedac\u00ed m\u00edstnost a v mal\u00e9 kuchy\u0148ce si nachyst\u00e1te vhodn\u00e9 ob\u010derstven\u00ed, tak\u017ee pr\u016fb\u011bh jedn\u00e1n\u00ed bude m\u00edt pat\u0159i\u010dnou \u00farove\u0148. V zasedac\u00ed m\u00edstnosti nebudete ru\u0161eni, jsou to velmi diskr\u00e9tn\u00ed prostory, kam nem\u00e1 nepovolan\u00e1 osoba p\u0159\u00edstup.Pokud va\u0161e jedn\u00e1n\u00ed skon\u010d\u00ed kr\u00e1tce p\u0159ed ob\u011bdem, bude to vhodn\u00fd \u010das ke spole\u010dn\u00e9mu ob\u011bdu. V\u00fdhodn\u00e9 bude, jestli\u017ee s t\u00edm budete po\u010d\u00edtat dop\u0159edu a zamluv\u00edte si v restauraci j\u00eddeln\u00ed st\u016fl nebo je\u0161t\u011b l\u00e9pe sal\u00f3nek. Nezapome\u0148te, \u017ee dobr\u00fd pokrm vn\u00e1\u0161\u00ed do ka\u017ed\u00e9ho setk\u00e1n\u00ed s lidmi jist\u00e9 pot\u011b\u0161en\u00ed, a \u017ee pr\u00e1v\u011b zde lze dohodnout n\u011bkter\u00e9 detaily va\u0161\u00ed budouc\u00ed spolupr\u00e1ce.O Praze je v\u0161eobecn\u011b zn\u00e1mo, \u017ee je pro firemn\u00ed jedn\u00e1n\u00ed dostate\u010dn\u011b reprezentativn\u00ed, to je samoz\u0159ejm\u011b pravda, ov\u0161em mnohdy se opom\u00edj\u00ed i to, pro\u010d je Praha pova\u017eov\u00e1na za matku m\u011bst \u2013 v \u017e\u00e1dn\u00e9m sv\u011btov\u00e9m m\u011bst\u011b nenaleznete tolik kr\u00e1sn\u00fdch z\u00e1kout\u00ed a kombinac\u00ed historick\u00fdch pam\u00e1tek a zachoval\u00e9 p\u0159\u00edrody v ostr\u00e9m kontrastu \u010dlenit\u00e9ho kopcovit\u00e9ho ter\u00e9nu. Nev\u00e1hejte vyu\u017e\u00edt virtu\u00e1ln\u00edho s\u00eddla i k tomu, abyste pronikli do pra\u017esk\u00fdch uli\u010dek a parkov\u00fdch z\u00f3n, vysloven\u011b se k tomu nab\u00edz\u00ed Kampa a Pet\u0159\u00edn, ov\u0161em chcete-li pob\u00fdvat v klidn\u011bj\u0161\u00edm prost\u0159ed\u00ed, doporu\u010dujeme Dalejsk\u00e9 a Prokopsk\u00e9 \u00fadol\u00ed, P\u0159\u00edrodn\u00ed park Ko\u0161\u00ed\u0159e \u2013 Motol, Hostiva\u0159skou p\u0159ehradu a P\u0159\u00edrodn\u00ed park Divok\u00e1 \u0160\u00e1rka \u2013 Lysolaje. Do t\u011bchto m\u00edst se vyplat\u00ed pronajmout j\u00edzdn\u00ed kola a u\u017e\u00edt si tu proj\u00ed\u017e\u010fku, kter\u00e1 v\u00e1m m\u016f\u017ee p\u0159ipom\u00ednat pobyt v horsk\u00e9 oblasti.                                                                                                                                                                                                                                                                                                                                                                                           3.9\/5 - (8 votes)        "},{"@context":"https:\/\/schema.org\/","@type":"BreadcrumbList","itemListElement":[{"@type":"ListItem","position":1,"name":"Virtu\u00e1ln\u00ed s\u00eddlo v Praze 1 je to prav\u00e9","item":"https:\/\/www.moters.cz\/virtualni-sidlo-v-praze-1-je-to-prave\/#breadcrumbitem"}]}]